{"id":1028,"date":"2018-01-16T13:18:53","date_gmt":"2018-01-16T12:18:53","guid":{"rendered":"https:\/\/www.joffeassocies.com\/olivier-dumas-quitte-dechert-integrer-joffe-associes\/"},"modified":"2018-01-16T13:18:53","modified_gmt":"2018-01-16T12:18:53","slug":"olivier-dumas-quitte-dechert-integrer-joffe-associes","status":"publish","type":"post","link":"https:\/\/www.joffeassocies.com\/en\/olivier-dumas-quitte-dechert-integrer-joffe-associes\/","title":{"rendered":"Olivier Dumas quitte Dechert pour int\u00e9grer Joffe &#038; Associ\u00e9s"},"content":{"rendered":"<p>Son expertise se concentre notamment sur les dossiers li\u00e9s \u00e0 la structuration de fonds d\u2019investissement, d\u2019op\u00e9rations li\u00e9es \u00e0 la vie des fonds et leurs gestionnaires, aux op\u00e9rations d\u2019investissement qu\u2019ils r\u00e9alisent, ainsi qu\u2019aux probl\u00e9matiques r\u00e9glementaires qui encadrent leurs activit\u00e9s. Ses clients sont des gestionnaires d\u2019actifs, des prestataires du secteur financier, ainsi que des investisseurs fran\u00e7ais et \u00e9trangers.<\/p>\n<p>Olivier Dumas devient ainsi le quatorzi\u00e8me associ\u00e9 du cabinet : \u00ab Je suis ravi de rejoindre une structure dont je partage les valeurs, notamment dans le travail collectif, l\u2019int\u00e9r\u00eat pour les dossiers et les rapports nou\u00e9s avec les clients. Je connais ce cabinet ainsi que certain de ses associ\u00e9s depuis longtemps. Christophe Joffe, son fondateur, et moi nous avions des clients en commun de longue date \u00bb.<\/p>\n<p>Il vient ainsi compl\u00e9ter l\u2019expertise de ce dernier, plut\u00f4t ax\u00e9 sur le capital-d\u00e9veloppement, ainsi que celle de Virginie Belle et Thomas Saltiel, positionn\u00e9s sur le capital-risque, et d\u2019Aymeric D\u00e9gremont, actif \u00e0 la fois en capital-risque et LBO. Associ\u00e9 chez SGDM pendant six ans, Olivier Dumas rejoint ensuite Proskauer Rose en 2007, puis Dechert deux ans plus tard (2009-2017). Il est titulaire d\u2019un DEA de droit \u00e9conomique (universit\u00e9 Paris Dauphine, 1991) et d\u2019un Master de droit des affaires (universit\u00e9 Paris I, 1990).<\/p>\n","protected":false},"excerpt":{"rendered":"<p>Son expertise se concentre notamment sur les dossiers li\u00e9s \u00e0 la structuration de fonds d\u2019investissement, d\u2019op\u00e9rations li\u00e9es \u00e0 la vie des fonds et leurs gestionnaires, aux op\u00e9rations d\u2019investissement qu\u2019ils r\u00e9alisent, ainsi qu\u2019aux probl\u00e9matiques r\u00e9glementaires qui encadrent leurs activit\u00e9s. Ses clients sont des gestionnaires d\u2019actifs, des prestataires du secteur financier, ainsi que des investisseurs fran\u00e7ais et [&hellip;]<\/p>\n","protected":false},"author":4,"featured_media":228,"comment_status":"closed","ping_status":"open","sticky":false,"template":"","format":"standard","meta":{"_acf_changed":false,"_monsterinsights_skip_tracking":false,"_monsterinsights_sitenote_active":false,"_monsterinsights_sitenote_note":"","_monsterinsights_sitenote_category":0,"footnotes":""},"categories":[11],"tags":[],"class_list":["post-1028","post","type-post","status-publish","format-standard","has-post-thumbnail","hentry","category-news"],"acf":[],"yoast_head":"<!-- This site is optimized with the Yoast SEO Premium plugin v22.4 (Yoast SEO v27.0) - https:\/\/yoast.com\/product\/yoast-seo-premium-wordpress\/ -->\n<title>Olivier Dumas int\u00e8gre les \u00e9quipes de Joffe &amp; Associ\u00e9s - Joffe &amp; Associ\u00e9s<\/title>\n<meta name=\"description\" content=\"Son expertise se concentre notamment sur les dossiers li\u00e9s \u00e0 la structuration de fonds d\u2019investissement, d\u2019op\u00e9rations li\u00e9es \u00e0 la vie des fonds et leurs gestionnaires, aux op\u00e9rations d\u2019investissement qu\u2019ils r\u00e9alisent, ainsi qu\u2019aux probl\u00e9matiques r\u00e9glementaires qui encadrent leurs activit\u00e9s.\" \/>\n<meta name=\"robots\" content=\"index, follow, max-snippet:-1, max-image-preview:large, max-video-preview:-1\" \/>\n<link rel=\"canonical\" href=\"https:\/\/www.joffeassocies.com\/en\/olivier-dumas-quitte-dechert-integrer-joffe-associes\/\" \/>\n<meta property=\"og:locale\" content=\"en_US\" \/>\n<meta property=\"og:type\" content=\"article\" \/>\n<meta property=\"og:title\" content=\"Olivier Dumas quitte Dechert pour int\u00e9grer Joffe &amp; Associ\u00e9s\" \/>\n<meta property=\"og:description\" content=\"Son expertise se concentre notamment sur les dossiers li\u00e9s \u00e0 la structuration de fonds d\u2019investissement, d\u2019op\u00e9rations li\u00e9es \u00e0 la vie des fonds et leurs gestionnaires, aux op\u00e9rations d\u2019investissement qu\u2019ils r\u00e9alisent, ainsi qu\u2019aux probl\u00e9matiques r\u00e9glementaires qui encadrent leurs activit\u00e9s.\" \/>\n<meta property=\"og:url\" content=\"https:\/\/www.joffeassocies.com\/en\/olivier-dumas-quitte-dechert-integrer-joffe-associes\/\" \/>\n<meta property=\"og:site_name\" content=\"Joffe &amp; Associ\u00e9s\" \/>\n<meta property=\"article:published_time\" content=\"2018-01-16T12:18:53+00:00\" \/>\n<meta property=\"og:image\" content=\"https:\/\/www.joffeassocies.com\/wp-content\/uploads\/2018\/01\/img-mag.png\" \/>\n\t<meta property=\"og:image:width\" content=\"1186\" \/>\n\t<meta property=\"og:image:height\" content=\"711\" \/>\n\t<meta property=\"og:image:type\" content=\"image\/png\" \/>\n<meta name=\"author\" content=\"Blaise Deltombe\" \/>\n<meta name=\"twitter:card\" content=\"summary_large_image\" \/>\n<meta name=\"twitter:creator\" content=\"@JoffeAssocies\" \/>\n<meta name=\"twitter:site\" content=\"@JoffeAssocies\" \/>\n<meta name=\"twitter:label1\" content=\"Written by\" \/>\n\t<meta name=\"twitter:data1\" content=\"Blaise Deltombe\" \/>\n\t<meta name=\"twitter:label2\" content=\"Est. reading time\" \/>\n\t<meta name=\"twitter:data2\" content=\"1 minute\" \/>\n<script type=\"application\/ld+json\" class=\"yoast-schema-graph\">{\"@context\":\"https:\/\/schema.org\",\"@graph\":[{\"@type\":\"Article\",\"@id\":\"https:\/\/www.joffeassocies.com\/en\/olivier-dumas-quitte-dechert-integrer-joffe-associes\/#article\",\"isPartOf\":{\"@id\":\"https:\/\/www.joffeassocies.com\/en\/olivier-dumas-quitte-dechert-integrer-joffe-associes\/\"},\"author\":{\"name\":\"Blaise Deltombe\",\"@id\":\"https:\/\/www.joffeassocies.com\/#\/schema\/person\/1e4e86e4066938387ee59b3004797f29\"},\"headline\":\"Olivier Dumas quitte Dechert pour int\u00e9grer Joffe &#038; Associ\u00e9s\",\"datePublished\":\"2018-01-16T12:18:53+00:00\",\"mainEntityOfPage\":{\"@id\":\"https:\/\/www.joffeassocies.com\/en\/olivier-dumas-quitte-dechert-integrer-joffe-associes\/\"},\"wordCount\":235,\"image\":{\"@id\":\"https:\/\/www.joffeassocies.com\/en\/olivier-dumas-quitte-dechert-integrer-joffe-associes\/#primaryimage\"},\"thumbnailUrl\":\"https:\/\/www.joffeassocies.com\/wp-content\/uploads\/2018\/01\/img-mag.png\",\"articleSection\":[\"News\"],\"inLanguage\":\"en-US\"},{\"@type\":\"WebPage\",\"@id\":\"https:\/\/www.joffeassocies.com\/en\/olivier-dumas-quitte-dechert-integrer-joffe-associes\/\",\"url\":\"https:\/\/www.joffeassocies.com\/en\/olivier-dumas-quitte-dechert-integrer-joffe-associes\/\",\"name\":\"Olivier Dumas int\u00e8gre les \u00e9quipes de Joffe & Associ\u00e9s - Joffe & Associ\u00e9s\",\"isPartOf\":{\"@id\":\"https:\/\/www.joffeassocies.com\/#website\"},\"primaryImageOfPage\":{\"@id\":\"https:\/\/www.joffeassocies.com\/en\/olivier-dumas-quitte-dechert-integrer-joffe-associes\/#primaryimage\"},\"image\":{\"@id\":\"https:\/\/www.joffeassocies.com\/en\/olivier-dumas-quitte-dechert-integrer-joffe-associes\/#primaryimage\"},\"thumbnailUrl\":\"https:\/\/www.joffeassocies.com\/wp-content\/uploads\/2018\/01\/img-mag.png\",\"datePublished\":\"2018-01-16T12:18:53+00:00\",\"author\":{\"@id\":\"https:\/\/www.joffeassocies.com\/#\/schema\/person\/1e4e86e4066938387ee59b3004797f29\"},\"description\":\"Son expertise se concentre notamment sur les dossiers li\u00e9s \u00e0 la structuration de fonds d\u2019investissement, d\u2019op\u00e9rations li\u00e9es \u00e0 la vie des fonds et leurs gestionnaires, aux op\u00e9rations d\u2019investissement qu\u2019ils r\u00e9alisent, ainsi qu\u2019aux probl\u00e9matiques r\u00e9glementaires qui encadrent leurs activit\u00e9s.\",\"breadcrumb\":{\"@id\":\"https:\/\/www.joffeassocies.com\/en\/olivier-dumas-quitte-dechert-integrer-joffe-associes\/#breadcrumb\"},\"inLanguage\":\"en-US\",\"potentialAction\":[{\"@type\":\"ReadAction\",\"target\":[\"https:\/\/www.joffeassocies.com\/en\/olivier-dumas-quitte-dechert-integrer-joffe-associes\/\"]}]},{\"@type\":\"ImageObject\",\"inLanguage\":\"en-US\",\"@id\":\"https:\/\/www.joffeassocies.com\/en\/olivier-dumas-quitte-dechert-integrer-joffe-associes\/#primaryimage\",\"url\":\"https:\/\/www.joffeassocies.com\/wp-content\/uploads\/2018\/01\/img-mag.png\",\"contentUrl\":\"https:\/\/www.joffeassocies.com\/wp-content\/uploads\/2018\/01\/img-mag.png\",\"width\":1186,\"height\":711},{\"@type\":\"BreadcrumbList\",\"@id\":\"https:\/\/www.joffeassocies.com\/en\/olivier-dumas-quitte-dechert-integrer-joffe-associes\/#breadcrumb\",\"itemListElement\":[{\"@type\":\"ListItem\",\"position\":1,\"name\":\"Accueil\",\"item\":\"https:\/\/www.joffeassocies.com\/en\/\"},{\"@type\":\"ListItem\",\"position\":2,\"name\":\"Olivier Dumas quitte Dechert pour int\u00e9grer Joffe &#038; Associ\u00e9s\"}]},{\"@type\":\"WebSite\",\"@id\":\"https:\/\/www.joffeassocies.com\/#website\",\"url\":\"https:\/\/www.joffeassocies.com\/\",\"name\":\"Joffe &amp; Associ\u00e9s\",\"description\":\"\",\"potentialAction\":[{\"@type\":\"SearchAction\",\"target\":{\"@type\":\"EntryPoint\",\"urlTemplate\":\"https:\/\/www.joffeassocies.com\/?s={search_term_string}\"},\"query-input\":{\"@type\":\"PropertyValueSpecification\",\"valueRequired\":true,\"valueName\":\"search_term_string\"}}],\"inLanguage\":\"en-US\"},{\"@type\":\"Person\",\"@id\":\"https:\/\/www.joffeassocies.com\/#\/schema\/person\/1e4e86e4066938387ee59b3004797f29\",\"name\":\"Blaise Deltombe\",\"image\":{\"@type\":\"ImageObject\",\"inLanguage\":\"en-US\",\"@id\":\"https:\/\/www.joffeassocies.com\/#\/schema\/person\/image\/\",\"url\":\"https:\/\/secure.gravatar.com\/avatar\/16ce097f0278128cf4f11d1d73a8654c41788c9edd8626caa408070bf1d66845?s=96&d=mm&r=g\",\"contentUrl\":\"https:\/\/secure.gravatar.com\/avatar\/16ce097f0278128cf4f11d1d73a8654c41788c9edd8626caa408070bf1d66845?s=96&d=mm&r=g\",\"caption\":\"Blaise Deltombe\"}}]}<\/script>\n<!-- \/ Yoast SEO Premium plugin. -->","yoast_head_json":{"title":"Olivier Dumas int\u00e8gre les \u00e9quipes de Joffe & Associ\u00e9s - Joffe & Associ\u00e9s","description":"Son expertise se concentre notamment sur les dossiers li\u00e9s \u00e0 la structuration de fonds d\u2019investissement, d\u2019op\u00e9rations li\u00e9es \u00e0 la vie des fonds et leurs gestionnaires, aux op\u00e9rations d\u2019investissement qu\u2019ils r\u00e9alisent, ainsi qu\u2019aux probl\u00e9matiques r\u00e9glementaires qui encadrent leurs activit\u00e9s.","robots":{"index":"index","follow":"follow","max-snippet":"max-snippet:-1","max-image-preview":"max-image-preview:large","max-video-preview":"max-video-preview:-1"},"canonical":"https:\/\/www.joffeassocies.com\/en\/olivier-dumas-quitte-dechert-integrer-joffe-associes\/","og_locale":"en_US","og_type":"article","og_title":"Olivier Dumas quitte Dechert pour int\u00e9grer Joffe & Associ\u00e9s","og_description":"Son expertise se concentre notamment sur les dossiers li\u00e9s \u00e0 la structuration de fonds d\u2019investissement, d\u2019op\u00e9rations li\u00e9es \u00e0 la vie des fonds et leurs gestionnaires, aux op\u00e9rations d\u2019investissement qu\u2019ils r\u00e9alisent, ainsi qu\u2019aux probl\u00e9matiques r\u00e9glementaires qui encadrent leurs activit\u00e9s.","og_url":"https:\/\/www.joffeassocies.com\/en\/olivier-dumas-quitte-dechert-integrer-joffe-associes\/","og_site_name":"Joffe &amp; Associ\u00e9s","article_published_time":"2018-01-16T12:18:53+00:00","og_image":[{"width":1186,"height":711,"url":"https:\/\/www.joffeassocies.com\/wp-content\/uploads\/2018\/01\/img-mag.png","type":"image\/png"}],"author":"Blaise Deltombe","twitter_card":"summary_large_image","twitter_creator":"@JoffeAssocies","twitter_site":"@JoffeAssocies","twitter_misc":{"Written by":"Blaise Deltombe","Est. reading time":"1 minute"},"schema":{"@context":"https:\/\/schema.org","@graph":[{"@type":"Article","@id":"https:\/\/www.joffeassocies.com\/en\/olivier-dumas-quitte-dechert-integrer-joffe-associes\/#article","isPartOf":{"@id":"https:\/\/www.joffeassocies.com\/en\/olivier-dumas-quitte-dechert-integrer-joffe-associes\/"},"author":{"name":"Blaise Deltombe","@id":"https:\/\/www.joffeassocies.com\/#\/schema\/person\/1e4e86e4066938387ee59b3004797f29"},"headline":"Olivier Dumas quitte Dechert pour int\u00e9grer Joffe &#038; Associ\u00e9s","datePublished":"2018-01-16T12:18:53+00:00","mainEntityOfPage":{"@id":"https:\/\/www.joffeassocies.com\/en\/olivier-dumas-quitte-dechert-integrer-joffe-associes\/"},"wordCount":235,"image":{"@id":"https:\/\/www.joffeassocies.com\/en\/olivier-dumas-quitte-dechert-integrer-joffe-associes\/#primaryimage"},"thumbnailUrl":"https:\/\/www.joffeassocies.com\/wp-content\/uploads\/2018\/01\/img-mag.png","articleSection":["News"],"inLanguage":"en-US"},{"@type":"WebPage","@id":"https:\/\/www.joffeassocies.com\/en\/olivier-dumas-quitte-dechert-integrer-joffe-associes\/","url":"https:\/\/www.joffeassocies.com\/en\/olivier-dumas-quitte-dechert-integrer-joffe-associes\/","name":"Olivier Dumas int\u00e8gre les \u00e9quipes de Joffe & Associ\u00e9s - Joffe & Associ\u00e9s","isPartOf":{"@id":"https:\/\/www.joffeassocies.com\/#website"},"primaryImageOfPage":{"@id":"https:\/\/www.joffeassocies.com\/en\/olivier-dumas-quitte-dechert-integrer-joffe-associes\/#primaryimage"},"image":{"@id":"https:\/\/www.joffeassocies.com\/en\/olivier-dumas-quitte-dechert-integrer-joffe-associes\/#primaryimage"},"thumbnailUrl":"https:\/\/www.joffeassocies.com\/wp-content\/uploads\/2018\/01\/img-mag.png","datePublished":"2018-01-16T12:18:53+00:00","author":{"@id":"https:\/\/www.joffeassocies.com\/#\/schema\/person\/1e4e86e4066938387ee59b3004797f29"},"description":"Son expertise se concentre notamment sur les dossiers li\u00e9s \u00e0 la structuration de fonds d\u2019investissement, d\u2019op\u00e9rations li\u00e9es \u00e0 la vie des fonds et leurs gestionnaires, aux op\u00e9rations d\u2019investissement qu\u2019ils r\u00e9alisent, ainsi qu\u2019aux probl\u00e9matiques r\u00e9glementaires qui encadrent leurs activit\u00e9s.","breadcrumb":{"@id":"https:\/\/www.joffeassocies.com\/en\/olivier-dumas-quitte-dechert-integrer-joffe-associes\/#breadcrumb"},"inLanguage":"en-US","potentialAction":[{"@type":"ReadAction","target":["https:\/\/www.joffeassocies.com\/en\/olivier-dumas-quitte-dechert-integrer-joffe-associes\/"]}]},{"@type":"ImageObject","inLanguage":"en-US","@id":"https:\/\/www.joffeassocies.com\/en\/olivier-dumas-quitte-dechert-integrer-joffe-associes\/#primaryimage","url":"https:\/\/www.joffeassocies.com\/wp-content\/uploads\/2018\/01\/img-mag.png","contentUrl":"https:\/\/www.joffeassocies.com\/wp-content\/uploads\/2018\/01\/img-mag.png","width":1186,"height":711},{"@type":"BreadcrumbList","@id":"https:\/\/www.joffeassocies.com\/en\/olivier-dumas-quitte-dechert-integrer-joffe-associes\/#breadcrumb","itemListElement":[{"@type":"ListItem","position":1,"name":"Accueil","item":"https:\/\/www.joffeassocies.com\/en\/"},{"@type":"ListItem","position":2,"name":"Olivier Dumas quitte Dechert pour int\u00e9grer Joffe &#038; Associ\u00e9s"}]},{"@type":"WebSite","@id":"https:\/\/www.joffeassocies.com\/#website","url":"https:\/\/www.joffeassocies.com\/","name":"Joffe &amp; Associ\u00e9s","description":"","potentialAction":[{"@type":"SearchAction","target":{"@type":"EntryPoint","urlTemplate":"https:\/\/www.joffeassocies.com\/?s={search_term_string}"},"query-input":{"@type":"PropertyValueSpecification","valueRequired":true,"valueName":"search_term_string"}}],"inLanguage":"en-US"},{"@type":"Person","@id":"https:\/\/www.joffeassocies.com\/#\/schema\/person\/1e4e86e4066938387ee59b3004797f29","name":"Blaise Deltombe","image":{"@type":"ImageObject","inLanguage":"en-US","@id":"https:\/\/www.joffeassocies.com\/#\/schema\/person\/image\/","url":"https:\/\/secure.gravatar.com\/avatar\/16ce097f0278128cf4f11d1d73a8654c41788c9edd8626caa408070bf1d66845?s=96&d=mm&r=g","contentUrl":"https:\/\/secure.gravatar.com\/avatar\/16ce097f0278128cf4f11d1d73a8654c41788c9edd8626caa408070bf1d66845?s=96&d=mm&r=g","caption":"Blaise Deltombe"}}]}},"_links":{"self":[{"href":"https:\/\/www.joffeassocies.com\/en\/wp-json\/wp\/v2\/posts\/1028","targetHints":{"allow":["GET"]}}],"collection":[{"href":"https:\/\/www.joffeassocies.com\/en\/wp-json\/wp\/v2\/posts"}],"about":[{"href":"https:\/\/www.joffeassocies.com\/en\/wp-json\/wp\/v2\/types\/post"}],"author":[{"embeddable":true,"href":"https:\/\/www.joffeassocies.com\/en\/wp-json\/wp\/v2\/users\/4"}],"replies":[{"embeddable":true,"href":"https:\/\/www.joffeassocies.com\/en\/wp-json\/wp\/v2\/comments?post=1028"}],"version-history":[{"count":0,"href":"https:\/\/www.joffeassocies.com\/en\/wp-json\/wp\/v2\/posts\/1028\/revisions"}],"wp:featuredmedia":[{"embeddable":true,"href":"https:\/\/www.joffeassocies.com\/en\/wp-json\/wp\/v2\/media\/228"}],"wp:attachment":[{"href":"https:\/\/www.joffeassocies.com\/en\/wp-json\/wp\/v2\/media?parent=1028"}],"wp:term":[{"taxonomy":"category","embeddable":true,"href":"https:\/\/www.joffeassocies.com\/en\/wp-json\/wp\/v2\/categories?post=1028"},{"taxonomy":"post_tag","embeddable":true,"href":"https:\/\/www.joffeassocies.com\/en\/wp-json\/wp\/v2\/tags?post=1028"}],"curies":[{"name":"wp","href":"https:\/\/api.w.org\/{rel}","templated":true}]}}