{"id":3481,"date":"2021-04-02T14:00:02","date_gmt":"2021-04-02T12:00:02","guid":{"rendered":"https:\/\/www.joffeassocies.com\/?p=3481"},"modified":"2021-04-02T14:00:02","modified_gmt":"2021-04-02T12:00:02","slug":"ja-classe-dans-le-palmares-du-point","status":"publish","type":"post","link":"https:\/\/www.joffeassocies.com\/en\/ja-classe-dans-le-palmares-du-point\/","title":{"rendered":"J&#038;A class\u00e9 dans le Palmar\u00e8s du Point"},"content":{"rendered":"<p>Joffe &amp; Associ\u00e9s est, cette ann\u00e9e encore, class\u00e9 parmi les meilleurs cabinets de la place en :<\/p>\n<p>&#8211; Private equity et venture capital<\/p>\n<p>&#8211; Droit des soci\u00e9t\u00e9s<\/p>\n<p>&#8211; Droit commercial, des affaires et de la concurrence<\/p>\n<p>Merci \u00e0 nos clients et confr\u00e8res d\u2019avoir vot\u00e9 pour nous et bravo \u00e0 nos \u00e9quipes !<\/p>\n<div id='gallery-1' class='gallery galleryid-3481 gallery-columns-3 gallery-size-thumbnail'><figure class='gallery-item'>\n\t\t\t<div class='gallery-icon landscape'>\n\t\t\t\t<a href='https:\/\/www.joffeassocies.com\/en\/ja-classe-dans-le-palmares-du-point\/droit-commercial-des-affaires-et-de-la-concurrence\/'><img loading=\"lazy\" decoding=\"async\" width=\"150\" height=\"150\" src=\"https:\/\/www.joffeassocies.com\/wp-content\/uploads\/2021\/04\/Droit-Commercial-des-affaires-et-de-la-concurrence-150x150.png\" class=\"attachment-thumbnail size-thumbnail\" alt=\"\" aria-describedby=\"gallery-1-3484\" srcset=\"https:\/\/www.joffeassocies.com\/wp-content\/uploads\/2021\/04\/Droit-Commercial-des-affaires-et-de-la-concurrence-150x150.png 150w, https:\/\/www.joffeassocies.com\/wp-content\/uploads\/2021\/04\/Droit-Commercial-des-affaires-et-de-la-concurrence-300x297.png 300w\" sizes=\"auto, (max-width: 150px) 100vw, 150px\" \/><\/a>\n\t\t\t<\/div>\n\t\t\t\t<figcaption class='wp-caption-text gallery-caption' id='gallery-1-3484'>\n\t\t\t\tDroit commercial, des affaires et de la concurrence\n\t\t\t\t<\/figcaption><\/figure><figure class='gallery-item'>\n\t\t\t<div class='gallery-icon portrait'>\n\t\t\t\t<a href='https:\/\/www.joffeassocies.com\/en\/ja-classe-dans-le-palmares-du-point\/droit-des-societes\/'><img loading=\"lazy\" decoding=\"async\" width=\"150\" height=\"150\" src=\"https:\/\/www.joffeassocies.com\/wp-content\/uploads\/2021\/04\/Droit-des-societes-150x150.png\" class=\"attachment-thumbnail size-thumbnail\" alt=\"\" aria-describedby=\"gallery-1-3486\" \/><\/a>\n\t\t\t<\/div>\n\t\t\t\t<figcaption class='wp-caption-text gallery-caption' id='gallery-1-3486'>\n\t\t\t\tDroit des soci\u00e9t\u00e9s\n\t\t\t\t<\/figcaption><\/figure><figure class='gallery-item'>\n\t\t\t<div class='gallery-icon portrait'>\n\t\t\t\t<a href='https:\/\/www.joffeassocies.com\/en\/ja-classe-dans-le-palmares-du-point\/private-equity-et-venture-capital\/'><img loading=\"lazy\" decoding=\"async\" width=\"150\" height=\"150\" src=\"https:\/\/www.joffeassocies.com\/wp-content\/uploads\/2021\/04\/Private-Equity-et-Venture-Capital-150x150.png\" class=\"attachment-thumbnail size-thumbnail\" alt=\"\" aria-describedby=\"gallery-1-3488\" \/><\/a>\n\t\t\t<\/div>\n\t\t\t\t<figcaption class='wp-caption-text gallery-caption' id='gallery-1-3488'>\n\t\t\t\tPrivate equity et venture capital\n\t\t\t\t<\/figcaption><\/figure>\n\t\t<\/div>\n\n<p>&nbsp;<\/p>\n","protected":false},"excerpt":{"rendered":"<p>Joffe &amp; Associ\u00e9s est, cette ann\u00e9e encore, class\u00e9 parmi les meilleurs cabinets de la place en : &#8211; Private equity et venture capital &#8211; Droit des soci\u00e9t\u00e9s &#8211; Droit commercial, des affaires et de la concurrence Merci \u00e0 nos clients et confr\u00e8res d\u2019avoir vot\u00e9 pour nous et bravo \u00e0 nos \u00e9quipes ! &nbsp;<\/p>\n","protected":false},"author":4,"featured_media":3482,"comment_status":"closed","ping_status":"open","sticky":false,"template":"","format":"standard","meta":{"_acf_changed":false,"_monsterinsights_skip_tracking":false,"_monsterinsights_sitenote_active":false,"_monsterinsights_sitenote_note":"","_monsterinsights_sitenote_category":0,"footnotes":""},"categories":[11],"tags":[],"class_list":["post-3481","post","type-post","status-publish","format-standard","has-post-thumbnail","hentry","category-news"],"acf":[],"yoast_head":"<!-- This site is optimized with the Yoast SEO Premium plugin v22.4 (Yoast SEO v27.0) - https:\/\/yoast.com\/product\/yoast-seo-premium-wordpress\/ -->\n<title>J&amp;A class\u00e9 dans le Palmar\u00e8s du Point &#8211; Joffe &amp; Associ\u00e9s<\/title>\n<meta name=\"robots\" content=\"index, follow, max-snippet:-1, max-image-preview:large, max-video-preview:-1\" \/>\n<link rel=\"canonical\" href=\"https:\/\/www.joffeassocies.com\/en\/ja-classe-dans-le-palmares-du-point\/\" \/>\n<meta property=\"og:locale\" content=\"en_US\" \/>\n<meta property=\"og:type\" content=\"article\" \/>\n<meta property=\"og:title\" content=\"J&amp;A class\u00e9 dans le Palmar\u00e8s du Point\" \/>\n<meta property=\"og:description\" content=\"Joffe &amp; Associ\u00e9s est, cette ann\u00e9e encore, class\u00e9 parmi les meilleurs cabinets de la place en : &#8211; Private equity et venture capital &#8211; Droit des soci\u00e9t\u00e9s &#8211; Droit commercial, des affaires et de la concurrence Merci \u00e0 nos clients et confr\u00e8res d\u2019avoir vot\u00e9 pour nous et bravo \u00e0 nos \u00e9quipes ! &nbsp;\" \/>\n<meta property=\"og:url\" content=\"https:\/\/www.joffeassocies.com\/en\/ja-classe-dans-le-palmares-du-point\/\" \/>\n<meta property=\"og:site_name\" content=\"Joffe &amp; Associ\u00e9s\" \/>\n<meta property=\"article:published_time\" content=\"2021-04-02T12:00:02+00:00\" \/>\n<meta property=\"og:image\" content=\"https:\/\/www.joffeassocies.com\/wp-content\/uploads\/2021\/04\/Vignette-Le-point-avril-2021.png\" \/>\n\t<meta property=\"og:image:width\" content=\"800\" \/>\n\t<meta property=\"og:image:height\" content=\"348\" \/>\n\t<meta property=\"og:image:type\" content=\"image\/png\" \/>\n<meta name=\"author\" content=\"Blaise Deltombe\" \/>\n<meta name=\"twitter:card\" content=\"summary_large_image\" \/>\n<meta name=\"twitter:creator\" content=\"@JoffeAssocies\" \/>\n<meta name=\"twitter:site\" content=\"@JoffeAssocies\" \/>\n<meta name=\"twitter:label1\" content=\"Written by\" \/>\n\t<meta name=\"twitter:data1\" content=\"Blaise Deltombe\" \/>\n\t<meta name=\"twitter:label2\" content=\"Est. reading time\" \/>\n\t<meta name=\"twitter:data2\" content=\"1 minute\" \/>\n<script type=\"application\/ld+json\" class=\"yoast-schema-graph\">{\"@context\":\"https:\/\/schema.org\",\"@graph\":[{\"@type\":\"Article\",\"@id\":\"https:\/\/www.joffeassocies.com\/en\/ja-classe-dans-le-palmares-du-point\/#article\",\"isPartOf\":{\"@id\":\"https:\/\/www.joffeassocies.com\/en\/ja-classe-dans-le-palmares-du-point\/\"},\"author\":{\"name\":\"Blaise Deltombe\",\"@id\":\"https:\/\/www.joffeassocies.com\/#\/schema\/person\/1e4e86e4066938387ee59b3004797f29\"},\"headline\":\"J&#038;A class\u00e9 dans le Palmar\u00e8s du Point\",\"datePublished\":\"2021-04-02T12:00:02+00:00\",\"mainEntityOfPage\":{\"@id\":\"https:\/\/www.joffeassocies.com\/en\/ja-classe-dans-le-palmares-du-point\/\"},\"wordCount\":66,\"image\":{\"@id\":\"https:\/\/www.joffeassocies.com\/en\/ja-classe-dans-le-palmares-du-point\/#primaryimage\"},\"thumbnailUrl\":\"https:\/\/www.joffeassocies.com\/wp-content\/uploads\/2021\/04\/Vignette-Le-point-avril-2021.png\",\"articleSection\":[\"News\"],\"inLanguage\":\"en-US\"},{\"@type\":\"WebPage\",\"@id\":\"https:\/\/www.joffeassocies.com\/en\/ja-classe-dans-le-palmares-du-point\/\",\"url\":\"https:\/\/www.joffeassocies.com\/en\/ja-classe-dans-le-palmares-du-point\/\",\"name\":\"J&A class\u00e9 dans le Palmar\u00e8s du Point &#8211; Joffe &amp; Associ\u00e9s\",\"isPartOf\":{\"@id\":\"https:\/\/www.joffeassocies.com\/#website\"},\"primaryImageOfPage\":{\"@id\":\"https:\/\/www.joffeassocies.com\/en\/ja-classe-dans-le-palmares-du-point\/#primaryimage\"},\"image\":{\"@id\":\"https:\/\/www.joffeassocies.com\/en\/ja-classe-dans-le-palmares-du-point\/#primaryimage\"},\"thumbnailUrl\":\"https:\/\/www.joffeassocies.com\/wp-content\/uploads\/2021\/04\/Vignette-Le-point-avril-2021.png\",\"datePublished\":\"2021-04-02T12:00:02+00:00\",\"author\":{\"@id\":\"https:\/\/www.joffeassocies.com\/#\/schema\/person\/1e4e86e4066938387ee59b3004797f29\"},\"breadcrumb\":{\"@id\":\"https:\/\/www.joffeassocies.com\/en\/ja-classe-dans-le-palmares-du-point\/#breadcrumb\"},\"inLanguage\":\"en-US\",\"potentialAction\":[{\"@type\":\"ReadAction\",\"target\":[\"https:\/\/www.joffeassocies.com\/en\/ja-classe-dans-le-palmares-du-point\/\"]}]},{\"@type\":\"ImageObject\",\"inLanguage\":\"en-US\",\"@id\":\"https:\/\/www.joffeassocies.com\/en\/ja-classe-dans-le-palmares-du-point\/#primaryimage\",\"url\":\"https:\/\/www.joffeassocies.com\/wp-content\/uploads\/2021\/04\/Vignette-Le-point-avril-2021.png\",\"contentUrl\":\"https:\/\/www.joffeassocies.com\/wp-content\/uploads\/2021\/04\/Vignette-Le-point-avril-2021.png\",\"width\":800,\"height\":348},{\"@type\":\"BreadcrumbList\",\"@id\":\"https:\/\/www.joffeassocies.com\/en\/ja-classe-dans-le-palmares-du-point\/#breadcrumb\",\"itemListElement\":[{\"@type\":\"ListItem\",\"position\":1,\"name\":\"Accueil\",\"item\":\"https:\/\/www.joffeassocies.com\/en\/\"},{\"@type\":\"ListItem\",\"position\":2,\"name\":\"J&#038;A class\u00e9 dans le Palmar\u00e8s du Point\"}]},{\"@type\":\"WebSite\",\"@id\":\"https:\/\/www.joffeassocies.com\/#website\",\"url\":\"https:\/\/www.joffeassocies.com\/\",\"name\":\"Joffe &amp; Associ\u00e9s\",\"description\":\"\",\"potentialAction\":[{\"@type\":\"SearchAction\",\"target\":{\"@type\":\"EntryPoint\",\"urlTemplate\":\"https:\/\/www.joffeassocies.com\/?s={search_term_string}\"},\"query-input\":{\"@type\":\"PropertyValueSpecification\",\"valueRequired\":true,\"valueName\":\"search_term_string\"}}],\"inLanguage\":\"en-US\"},{\"@type\":\"Person\",\"@id\":\"https:\/\/www.joffeassocies.com\/#\/schema\/person\/1e4e86e4066938387ee59b3004797f29\",\"name\":\"Blaise Deltombe\",\"image\":{\"@type\":\"ImageObject\",\"inLanguage\":\"en-US\",\"@id\":\"https:\/\/www.joffeassocies.com\/#\/schema\/person\/image\/\",\"url\":\"https:\/\/secure.gravatar.com\/avatar\/16ce097f0278128cf4f11d1d73a8654c41788c9edd8626caa408070bf1d66845?s=96&d=mm&r=g\",\"contentUrl\":\"https:\/\/secure.gravatar.com\/avatar\/16ce097f0278128cf4f11d1d73a8654c41788c9edd8626caa408070bf1d66845?s=96&d=mm&r=g\",\"caption\":\"Blaise Deltombe\"}}]}<\/script>\n<!-- \/ Yoast SEO Premium plugin. -->","yoast_head_json":{"title":"J&A class\u00e9 dans le Palmar\u00e8s du Point &#8211; Joffe &amp; Associ\u00e9s","robots":{"index":"index","follow":"follow","max-snippet":"max-snippet:-1","max-image-preview":"max-image-preview:large","max-video-preview":"max-video-preview:-1"},"canonical":"https:\/\/www.joffeassocies.com\/en\/ja-classe-dans-le-palmares-du-point\/","og_locale":"en_US","og_type":"article","og_title":"J&A class\u00e9 dans le Palmar\u00e8s du Point","og_description":"Joffe &amp; Associ\u00e9s est, cette ann\u00e9e encore, class\u00e9 parmi les meilleurs cabinets de la place en : &#8211; Private equity et venture capital &#8211; Droit des soci\u00e9t\u00e9s &#8211; Droit commercial, des affaires et de la concurrence Merci \u00e0 nos clients et confr\u00e8res d\u2019avoir vot\u00e9 pour nous et bravo \u00e0 nos \u00e9quipes ! &nbsp;","og_url":"https:\/\/www.joffeassocies.com\/en\/ja-classe-dans-le-palmares-du-point\/","og_site_name":"Joffe &amp; Associ\u00e9s","article_published_time":"2021-04-02T12:00:02+00:00","og_image":[{"width":800,"height":348,"url":"https:\/\/www.joffeassocies.com\/wp-content\/uploads\/2021\/04\/Vignette-Le-point-avril-2021.png","type":"image\/png"}],"author":"Blaise Deltombe","twitter_card":"summary_large_image","twitter_creator":"@JoffeAssocies","twitter_site":"@JoffeAssocies","twitter_misc":{"Written by":"Blaise Deltombe","Est. reading time":"1 minute"},"schema":{"@context":"https:\/\/schema.org","@graph":[{"@type":"Article","@id":"https:\/\/www.joffeassocies.com\/en\/ja-classe-dans-le-palmares-du-point\/#article","isPartOf":{"@id":"https:\/\/www.joffeassocies.com\/en\/ja-classe-dans-le-palmares-du-point\/"},"author":{"name":"Blaise Deltombe","@id":"https:\/\/www.joffeassocies.com\/#\/schema\/person\/1e4e86e4066938387ee59b3004797f29"},"headline":"J&#038;A class\u00e9 dans le Palmar\u00e8s du Point","datePublished":"2021-04-02T12:00:02+00:00","mainEntityOfPage":{"@id":"https:\/\/www.joffeassocies.com\/en\/ja-classe-dans-le-palmares-du-point\/"},"wordCount":66,"image":{"@id":"https:\/\/www.joffeassocies.com\/en\/ja-classe-dans-le-palmares-du-point\/#primaryimage"},"thumbnailUrl":"https:\/\/www.joffeassocies.com\/wp-content\/uploads\/2021\/04\/Vignette-Le-point-avril-2021.png","articleSection":["News"],"inLanguage":"en-US"},{"@type":"WebPage","@id":"https:\/\/www.joffeassocies.com\/en\/ja-classe-dans-le-palmares-du-point\/","url":"https:\/\/www.joffeassocies.com\/en\/ja-classe-dans-le-palmares-du-point\/","name":"J&A class\u00e9 dans le Palmar\u00e8s du Point &#8211; Joffe &amp; Associ\u00e9s","isPartOf":{"@id":"https:\/\/www.joffeassocies.com\/#website"},"primaryImageOfPage":{"@id":"https:\/\/www.joffeassocies.com\/en\/ja-classe-dans-le-palmares-du-point\/#primaryimage"},"image":{"@id":"https:\/\/www.joffeassocies.com\/en\/ja-classe-dans-le-palmares-du-point\/#primaryimage"},"thumbnailUrl":"https:\/\/www.joffeassocies.com\/wp-content\/uploads\/2021\/04\/Vignette-Le-point-avril-2021.png","datePublished":"2021-04-02T12:00:02+00:00","author":{"@id":"https:\/\/www.joffeassocies.com\/#\/schema\/person\/1e4e86e4066938387ee59b3004797f29"},"breadcrumb":{"@id":"https:\/\/www.joffeassocies.com\/en\/ja-classe-dans-le-palmares-du-point\/#breadcrumb"},"inLanguage":"en-US","potentialAction":[{"@type":"ReadAction","target":["https:\/\/www.joffeassocies.com\/en\/ja-classe-dans-le-palmares-du-point\/"]}]},{"@type":"ImageObject","inLanguage":"en-US","@id":"https:\/\/www.joffeassocies.com\/en\/ja-classe-dans-le-palmares-du-point\/#primaryimage","url":"https:\/\/www.joffeassocies.com\/wp-content\/uploads\/2021\/04\/Vignette-Le-point-avril-2021.png","contentUrl":"https:\/\/www.joffeassocies.com\/wp-content\/uploads\/2021\/04\/Vignette-Le-point-avril-2021.png","width":800,"height":348},{"@type":"BreadcrumbList","@id":"https:\/\/www.joffeassocies.com\/en\/ja-classe-dans-le-palmares-du-point\/#breadcrumb","itemListElement":[{"@type":"ListItem","position":1,"name":"Accueil","item":"https:\/\/www.joffeassocies.com\/en\/"},{"@type":"ListItem","position":2,"name":"J&#038;A class\u00e9 dans le Palmar\u00e8s du Point"}]},{"@type":"WebSite","@id":"https:\/\/www.joffeassocies.com\/#website","url":"https:\/\/www.joffeassocies.com\/","name":"Joffe &amp; Associ\u00e9s","description":"","potentialAction":[{"@type":"SearchAction","target":{"@type":"EntryPoint","urlTemplate":"https:\/\/www.joffeassocies.com\/?s={search_term_string}"},"query-input":{"@type":"PropertyValueSpecification","valueRequired":true,"valueName":"search_term_string"}}],"inLanguage":"en-US"},{"@type":"Person","@id":"https:\/\/www.joffeassocies.com\/#\/schema\/person\/1e4e86e4066938387ee59b3004797f29","name":"Blaise Deltombe","image":{"@type":"ImageObject","inLanguage":"en-US","@id":"https:\/\/www.joffeassocies.com\/#\/schema\/person\/image\/","url":"https:\/\/secure.gravatar.com\/avatar\/16ce097f0278128cf4f11d1d73a8654c41788c9edd8626caa408070bf1d66845?s=96&d=mm&r=g","contentUrl":"https:\/\/secure.gravatar.com\/avatar\/16ce097f0278128cf4f11d1d73a8654c41788c9edd8626caa408070bf1d66845?s=96&d=mm&r=g","caption":"Blaise Deltombe"}}]}},"_links":{"self":[{"href":"https:\/\/www.joffeassocies.com\/en\/wp-json\/wp\/v2\/posts\/3481","targetHints":{"allow":["GET"]}}],"collection":[{"href":"https:\/\/www.joffeassocies.com\/en\/wp-json\/wp\/v2\/posts"}],"about":[{"href":"https:\/\/www.joffeassocies.com\/en\/wp-json\/wp\/v2\/types\/post"}],"author":[{"embeddable":true,"href":"https:\/\/www.joffeassocies.com\/en\/wp-json\/wp\/v2\/users\/4"}],"replies":[{"embeddable":true,"href":"https:\/\/www.joffeassocies.com\/en\/wp-json\/wp\/v2\/comments?post=3481"}],"version-history":[{"count":1,"href":"https:\/\/www.joffeassocies.com\/en\/wp-json\/wp\/v2\/posts\/3481\/revisions"}],"predecessor-version":[{"id":3490,"href":"https:\/\/www.joffeassocies.com\/en\/wp-json\/wp\/v2\/posts\/3481\/revisions\/3490"}],"wp:featuredmedia":[{"embeddable":true,"href":"https:\/\/www.joffeassocies.com\/en\/wp-json\/wp\/v2\/media\/3482"}],"wp:attachment":[{"href":"https:\/\/www.joffeassocies.com\/en\/wp-json\/wp\/v2\/media?parent=3481"}],"wp:term":[{"taxonomy":"category","embeddable":true,"href":"https:\/\/www.joffeassocies.com\/en\/wp-json\/wp\/v2\/categories?post=3481"},{"taxonomy":"post_tag","embeddable":true,"href":"https:\/\/www.joffeassocies.com\/en\/wp-json\/wp\/v2\/tags?post=3481"}],"curies":[{"name":"wp","href":"https:\/\/api.w.org\/{rel}","templated":true}]}}